{"id":2530,"date":"2026-04-28T05:26:55","date_gmt":"2026-04-28T03:26:55","guid":{"rendered":"https:\/\/ccoc.fih.upt.ro\/?p=2530"},"modified":"2026-04-28T05:28:40","modified_gmt":"2026-04-28T03:28:40","slug":"cuvant-de-gand-studentesc-22","status":"publish","type":"post","link":"https:\/\/ccoc.fih.upt.ro\/?p=2530","title":{"rendered":"Cuv\u00e2nt de g\u00e2nd studen\u021besc"},"content":{"rendered":"\n<p><strong>Paulo Coelho:<\/strong><\/p>\n\n\n\n<p><strong><em>\u201eAtunci c\u00e2nd \u00ee\u021bi dore\u0219ti cu adev\u0103rat ceva, tot universul conspir\u0103 pentru ca tu s\u0103 \u00ee\u021bi \u00eendepline\u0219ti visul.\u201d<\/em> <\/strong><\/p>\n\n\n\n<p><strong>\u00cen fiecare \u00eenceput de zi se strecoar\u0103, aproape firesc, o nevoie de bilan\u021b \u0219i de reconfigurare a direc\u021biei personale. Pentru studen\u021bi, acest moment cap\u0103t\u0103 o semnifica\u021bie aparte: este spa\u021biul dintre ceea ce au devenit \u0219i ceea ce aspir\u0103 s\u0103 fie. \u201eCuv\u00e2ntul de g\u00e2nd studen\u021besc\u201d nu este doar o reflec\u021bie trec\u0103toare, ci o declara\u021bie de inten\u021bie, un exerci\u021biu de sinceritate \u0219i de asumare. \u00centr-o perioad\u0103 marcat\u0103 de provoc\u0103ri academice, sociale \u0219i personale, rezolu\u021biile devin repere care ofer\u0103 coeren\u021b\u0103 \u0219i motiva\u021bie.<\/strong><\/p>\n\n\n\n<p><strong>Rezolu\u021biile \u00ee\u021bi doresc s\u0103 surprind\u0103 vocea interioar\u0103 a studentului contemporan \u2014 \u00eentre vis \u0219i responsabilitate \u2014 \u0219i s\u0103 contureze acele angajamente care pot transforma fiecare zi. Fie c\u0103 vorbim despre performan\u021b\u0103 academic\u0103, echilibru emo\u021bional sau implicare activ\u0103 \u00een comunitate, fiecare rezolu\u021bie devine un pas concret spre o versiune mai clar\u0103 \u0219i mai autentic\u0103 a sinelui.<\/strong><\/p>\n\n\n\n<p><strong>Eduard.<\/strong><em>&#8230;.<strong>,,Pentru mine, parcursul anului 2026 nu este doar o dat\u0103 \u00een calendar, ci anul \u00een care trec de la ,,amator&#8221; la ,,profesionist&#8221;, at\u00e2t \u00een teren, c\u00e2t \u0219i \u00een via\u021b\u0103. Cea mai bun\u0103 versiune a mea nu mai este doar un vis ca oricare altul, ci un om care ac\u021bioneaz\u0103 precis. M-am s\u0103turat de promisiuni vagi de tipul ,,voi fi mai bun&#8221;. A\u0219a c\u0103, pentru a-mi atinge obiectivul, si anume,\u00a0 semnarea primului meu contract fotbalistic cu Aurul Brad \u00een Liga a 4-a Hunedoara, mi-am structurat evolu\u021bia si recuperarea pe o rutina concret\u0103, m\u0103surabil\u0103, care s\u0103 m\u0103 transforme fizic, mental \u0219i spiritual.<\/strong><\/em><\/p>\n\n\n\n<p><em><strong>\u0218tiu c\u0103 talentul nu este suficient pentru a face fa\u021b\u0103 \u00een Liga a 4-a \u0219i pentru a ob\u021bine acel contract. De aceea, planul meu fizic nu se rezum\u0103 la ,,voi face sport&#8221;, ci arat\u0103 a\u0219a:<\/strong><\/em><\/p>\n\n\n\n<p><em><strong>&#8211; Pe l\u00e2ng\u0103 antrenamentele oficiale cu echipa, m\u0103 angajez s\u0103 execut dou\u0103 sesiuni individuale pe s\u0103pt\u0103m\u00e2n\u0103 (mar\u021bea \u0219i joia), axate strict pe condi\u021bie fizic\u0103 \u0219i vitez\u0103, pentru a compensa orice lips\u0103 fa\u021b\u0103 de seniorii echipei.<\/strong><\/em><\/p>\n\n\n\n<p><em><strong>&#8211; Performan\u021ba cere combustibil, nu doar m\u00e2ncare de orice fel. Concret, elimin complet sucurile acidulate \u0219i produsele de patiserie din meniul zilnic. M\u0103 asigur c\u0103 am o surs\u0103 de protein\u0103 la fiecare dintre cele trei mese principale \u0219i c\u0103 beau minim 3 litri de ap\u0103 pe zi pentru a-mi sustine procesul de hidratare a organismului.<\/strong><\/em><\/p>\n\n\n\n<p><em><strong>&#8211; Pentru c\u0103 recuperarea este jum\u0103tate din antrenament, regula mea de aur pentru 2026 este somnul. \u00cen zilele de \u0219coal\u0103 \u0219i antrenament, telefonul se \u00eenchide la 22:30, iar la ora 23:00 sting lumina, asigur\u00e2ndu-mi cele 8 ore necesare refacerii musculare.<\/strong><\/em><\/p>\n\n\n\n<p><em><strong>Presiunea primului contract \u0219i dorin\u021ba de afirmare la noua mea echipa, combinate cu facultatea, pot fi cople\u0219itoare. Pentru a deveni mai bun pe plan mental \u0219i academic, am nevoie de o structur\u0103 clar\u0103 si simpl\u0103:<\/strong><\/em><\/p>\n\n\n\n<p><em><strong>&#8211; \u0218coala nu va fi sacrificat\u0103 pentru fotbal, ci integrat\u0103. \u00cemi propun s\u0103 aloc o ora si jumatate de studiu ne\u00eentrerupt (f\u0103r\u0103 telefon) \u00een fiecare zi lucr\u0103toare, imediat dup\u0103 ce ajung acas\u0103 sau \u00eenainte de antrenament, pentru a-mi men\u021bine mediile \u0219i a nu r\u0103m\u00e2ne \u00een urm\u0103 cu materia.<\/strong><\/em><\/p>\n\n\n\n<p><em><strong>&#8211; Obiectivul meu este s\u0103 ies din zona de confort. Concret, \u00eemi propun ca o dat\u0103 pe lun\u0103 s\u0103 \u00eencerc o activitate nou\u0103 sau s\u0103 m\u0103 pun \u00eentr-o situa\u021bie social\u0103 nefamiliar\u0103 (voluntariat, un proiect \u0219colar nou), pentru a-mi demonstra mie \u00eensumi c\u0103 m\u0103 pot adapta.<\/strong><\/em><\/p>\n\n\n\n<p><em><strong>&#8211; Dac\u0103 nu sunt titular sau dac\u0103 am un meci slab, nu m\u0103 voi critica distructiv. M\u0103 voi incuraja singur iar, dup\u0103 fiecare meci sau test important, voi <\/strong>s<strong>crie 3 lucruri pe care le-am f\u0103cut bine \u0219i un singur lucru concret de \u00eembun\u0103t\u0103\u021bit pentru data viitoare.<\/strong><\/em><\/p>\n\n\n\n<p><em><strong>A\u0219adar, cea mai bun\u0103 versiune a mea din 2026 este un t\u00e2n\u0103r care semneaz\u0103 cu Aurul Brad nu din noroc, ci pentru c\u0103 a muncit organizat. Este versiunea care doarme c\u00e2nd trebuie, m\u0103n\u00e2nc\u0103 ce trebuie \u0219i \u00eenva\u021b\u0103 constant. Nu este doar o list\u0103 de dorin\u021be, este programul meu zilnic. Acesta sunt eu, cel care va intra pe teren.\u201d<\/strong><\/em><\/p>\n","protected":false},"excerpt":{"rendered":"<p>Paulo Coelho: \u201eAtunci c\u00e2nd \u00ee\u021bi dore\u0219ti cu adev\u0103rat ceva, tot universul conspir\u0103 pentru ca tu s\u0103 \u00ee\u021bi \u00eendepline\u0219ti visul.\u201d \u00cen fiecare \u00eenceput de zi se strecoar\u0103, aproape firesc, o nevoie de bilan\u021b \u0219i de reconfigurare a direc\u021biei personale. Pentru studen\u021bi, acest moment cap\u0103t\u0103 o semnifica\u021bie aparte: este spa\u021biul dintre ceea ce au devenit \u0219i ceea [&hellip;]<\/p>\n","protected":false},"author":2,"featured_media":0,"comment_status":"closed","ping_status":"closed","sticky":false,"template":"","format":"standard","meta":{"footnotes":""},"categories":[31],"tags":[27,58],"class_list":["post-2530","post","type-post","status-publish","format-standard","hentry","category-cuvant-de-gand-studentesc","tag-cuvant-de-gand-studentesc","tag-sensul-vietii","eq-blocks"],"_links":{"self":[{"href":"https:\/\/ccoc.fih.upt.ro\/index.php?rest_route=\/wp\/v2\/posts\/2530","targetHints":{"allow":["GET"]}}],"collection":[{"href":"https:\/\/ccoc.fih.upt.ro\/index.php?rest_route=\/wp\/v2\/posts"}],"about":[{"href":"https:\/\/ccoc.fih.upt.ro\/index.php?rest_route=\/wp\/v2\/types\/post"}],"author":[{"embeddable":true,"href":"https:\/\/ccoc.fih.upt.ro\/index.php?rest_route=\/wp\/v2\/users\/2"}],"replies":[{"embeddable":true,"href":"https:\/\/ccoc.fih.upt.ro\/index.php?rest_route=%2Fwp%2Fv2%2Fcomments&post=2530"}],"version-history":[{"count":3,"href":"https:\/\/ccoc.fih.upt.ro\/index.php?rest_route=\/wp\/v2\/posts\/2530\/revisions"}],"predecessor-version":[{"id":2535,"href":"https:\/\/ccoc.fih.upt.ro\/index.php?rest_route=\/wp\/v2\/posts\/2530\/revisions\/2535"}],"wp:attachment":[{"href":"https:\/\/ccoc.fih.upt.ro\/index.php?rest_route=%2Fwp%2Fv2%2Fmedia&parent=2530"}],"wp:term":[{"taxonomy":"category","embeddable":true,"href":"https:\/\/ccoc.fih.upt.ro\/index.php?rest_route=%2Fwp%2Fv2%2Fcategories&post=2530"},{"taxonomy":"post_tag","embeddable":true,"href":"https:\/\/ccoc.fih.upt.ro\/index.php?rest_route=%2Fwp%2Fv2%2Ftags&post=2530"}],"curies":[{"name":"wp","href":"https:\/\/api.w.org\/{rel}","templated":true}]}}