{"id":2413,"date":"2025-12-05T09:16:07","date_gmt":"2025-12-05T07:16:07","guid":{"rendered":"https:\/\/ccoc.fih.upt.ro\/?p=2413"},"modified":"2025-12-05T09:16:07","modified_gmt":"2025-12-05T07:16:07","slug":"studenti-ai-universitatii-politehnica-timisoara-in-vizita-academica-si-profesionala-la-universitatea-tehnica-a-moldovei-concluzii-4","status":"publish","type":"post","link":"https:\/\/ccoc.fih.upt.ro\/?p=2413","title":{"rendered":"Studen\u021bi ai Universit\u0103\u021bii Politehnica Timi\u0219oara \u00een vizit\u0103 academic\u0103 \u0219i profesional\u0103 la Universitatea Tehnic\u0103 a Moldovei &#8211; Concluzii"},"content":{"rendered":"\n<p>Chi\u0219in\u0103u, 14\u201327 septembrie 2025 \u2013 \u00cen baza acordului de cooperare pe baz\u0103 de reciprocitate, semnat \u00eentre Universitatea Politehnica Timi\u0219oara \u0219i Universitatea Tehnic\u0103 a Moldovei din Chi\u0219in\u0103u, Facultatea de Electronic\u0103 \u0219i Telecomunica\u021bii \u0219i Facultatea de Inginerie Electric\u0103 \u0219i Energetic\u0103 a UTM au fost gazde pentru o delega\u021bie de studen\u021bi ai programului de licen\u021b\u0103 din cadrul Facult\u0103\u021bii de Inginerie din Hunedoara (UPT).<\/p>\n\n\n\n<p>Pe parcursul celor dou\u0103 s\u0103pt\u0103m\u00e2ni  evenimentul a urm\u0103rit s\u0103 sprijine schimburile de experien\u021b\u0103 \u0219i transferul de cuno\u0219tin\u021be prin activit\u0103\u021bi educa\u021bionale, cercetare \u0219i vizite profesionale la companii din Republica Moldova.<\/p>\n\n\n\n<p>Studen\u021bii participan\u021bi au avut ocazia s\u0103 \u00een\u021beleag\u0103 cerin\u021bele pie\u021bei muncii, s\u0103 descopere bune practici din cultura organiza\u021bional\u0103 \u0219i s\u0103 interac\u021bioneze cu profesioni\u0219ti din domeniu, complet\u00e2nd experien\u021ba educa\u021bional\u0103 cu activit\u0103\u021bi culturale \u0219i de socializare.<br>Companiile vizitate sunt: MOLDCELL, MOLDTEELCOM, STAR NET, US SOFTWARE SOLUTIONS, GILAT SATELITE NETWORKS, ANRCETI, OBSERVATORUL ASTRONOMIC \u0218I PLANETARIUL, MOLDELECTRICA, PREMIER ENERGY DISTRIBUTION, WHETEC, CET NORD B\u0102L\u021aI, STEINEL ELECTRONIC \u0218I VETROPARK.<\/p>\n\n\n\n<p>Condi\u021biile \u0219i activit\u0103\u021bile desf\u0103\u0219urate \u00een cadrul vizitei profesionale din Republica Moldova au influen\u021bat percep\u021biile studen\u021bilor, care au relatat ulterior cum s-au sim\u021bit \u0219i ce beneficii au ob\u021binut din aceast\u0103 experien\u021b\u0103.<\/p>\n\n\n\n<p><strong>Eduard<\/strong><em>\u2026..,, <\/em><em>excursia tehnic\u0103 din Republica Moldova a fost o experien\u021b\u0103 complet\u0103 \u0219i memorabil\u0103. Am intrat \u00een culisele unor companii<\/em><em>\u2011<\/em><em>cheie din telecomunica<\/em><em>\u021b<\/em><em>ii, energie, industrie <\/em><em>\u0219<\/em><em>i electronic<\/em><em>\u0103<\/em><em>, iar fiecare vizit<\/em><em>\u0103<\/em><em> mi<\/em><em>\u2011<\/em><em>a ar<\/em><em>\u0103<\/em><em>tat, foarte concret, cum arat<\/em><em>\u0103<\/em><em> profesionalismul la lucru \u0219i cum se leag\u0103 teoria de practic\u0103.<\/em> <em>Dincolo de partea tehnic\u0103, experien\u021ba a fost incredibil\u0103. M\u00e2ncarea a fost foarte bun\u0103, iar gogo\u0219ile cu gem au fost preferatele mele. Am legat prieteni noi, iar o ie\u0219ire cu Alexandrina \u0219i Dan m<\/em><em>\u2011<\/em><em>a apropiat de felul <\/em><em>\u00ee<\/em><em>n care moldovenii tr\u0103iesc \u0219i g\u00e2ndesc \u2013 oameni deschi\u0219i, calzi \u0219i dornici s\u0103 \u00eemp\u0103rt\u0103\u0219easc\u0103 idei interesante despre via\u021b\u0103, educa\u021bie, tehnologie \u0219i tradi\u021bii. Per total, moldovenii sunt extrem de ospitalieri \u0219i super de treab\u0103.<\/em> <em>Am plecat pentru tehnologie \u0219i m<\/em><em>\u2011<\/em><em>am \u00eentors cu mintea plin\u0103, cu prietenii noi \u0219i cu un dor sincer de\u2026 gogo\u0219i cu gem. Vizitele la companiile de telecomunica\u021bii, energie, industrie \u0219i electronic\u0103 mi<\/em><em>\u2011<\/em><em>au clarificat standardele reale ale industriei <\/em><em>\u0219<\/em><em>i mi<\/em><em>\u2011<\/em><em>au dat <\/em><em>\u00ee<\/em><em>ncredere pentru proiectele viitoare. Abia a\u0219tept urm\u0103toarea vizit\u0103 a proiectului, iar toat\u0103 aceast\u0103 experien\u021b\u0103 mi<\/em><em>\u2011<\/em><em>a schimbat pu<\/em><em>\u021b<\/em><em>in perspectiva despre Moldova <\/em><em>\u0219<\/em><em>i despre industrie.\u201d<\/em><\/p>\n\n\n\n<p><strong>Matei<\/strong><em>\u2026..,, <\/em><em>mi-a f\u0103cut o deosebit\u0103 pl\u0103cere s\u0103 particip la acest schimb de experien\u021b\u0103, care s-a dovedit a fi o perioad\u0103 extrem de valoroas\u0103 pentru mine. Am avut \u0219ansa s\u0103 descop\u0103r, \u00eentr-un mod practic, cum se aplic\u0103 ceea ce \u00eenv\u0103\u021b\u0103m la facultate \u0219i s\u0103 interac\u021bionez cu profesioni\u0219ti pasiona\u021bi din diferite domenii tehnice. Toate aceste \u00eent\u00e2lniri m-au motivat \u0219i mai mult s\u0103 \u00eemi continui parcursul profesional cu \u00eencredere \u0219i dedicare, realiz\u00e2nd c\u00e2t de multe oportunit\u0103\u021bi exist\u0103 pentru cei care sunt curio\u0219i \u0219i implica\u021bi. Pe l\u00e2ng\u0103 componenta educa\u021bional\u0103, am apreciat mult \u0219i partea cultural\u0103&nbsp; am avut timp s\u0103 explor\u0103m ora\u0219ul, s\u0103 cunoa\u0219tem tradi\u021biile \u0219i s\u0103 vizit\u0103m locuri reprezentative ale Republicii Moldova.\u201d<\/em><\/p>\n\n\n\n<p><strong>Dani<\/strong><em>\u2026..,, <\/em><em>ca participan\u021bi la acest schimb de experien\u0163\u0103 am observat modul de func\u021bionare al companiilor \u015fi am purtat discu\u0163ii cu profesioni\u0219ti din diverse domenii, \u00een\u021beleg\u00e2nd leg\u0103tura dintre teorie \u0219i practic\u0103. Schimbul de experien\u021b\u0103 a consolidat prietenia \u0219i colaborarea \u00eentre studen\u0163ii din Rom\u00e2nia \u0219i Republica Moldova, demonstr\u00e2nd importan\u021ba parteneriatelor academice \u00een dezvoltarea competen\u021belor tehnice a noii genera\u021bii de ingineri. Vizitele desf\u0103\u0219urate \u00een cadrul programului UPT\u2013UTM au avut un impact semnificativ asupra form\u0103rii profesionale noastre ca studen\u021bi. Totodat\u0103 am avut ocazia s\u0103 \u00eent\u00e2lnim oameni z\u00e2mbitori, doritori s\u0103 ne prezinte cultura \u0219i mediul \u00een care tr\u0103iesc at\u00e2t \u00een cadrul vizitelor profesionale c\u00e2t \u0219i a celor realizate la muzee \u015fi parcuri.<\/em><\/p>\n\n\n\n<p><em>&nbsp;&nbsp; \u020an concluzie am avut o experien\u021b\u0103 deosebit\u0103, f\u0103r\u0103 regrete, plin\u0103 de surprize \u0219i lucruri noi precum statul la c\u0103min, servirea mesei la cantin\u0103, dar \u0219i interac\u0163iunea cu&nbsp; oameni minuna\u021bi ce au contribuit la crearea de amintiri de neuitat.\u201d<\/em><\/p>\n","protected":false},"excerpt":{"rendered":"<p>Chi\u0219in\u0103u, 14\u201327 septembrie 2025 \u2013 \u00cen baza acordului de cooperare pe baz\u0103 de reciprocitate, semnat \u00eentre Universitatea Politehnica Timi\u0219oara \u0219i Universitatea Tehnic\u0103 a Moldovei din Chi\u0219in\u0103u, Facultatea de Electronic\u0103 \u0219i Telecomunica\u021bii \u0219i Facultatea de Inginerie Electric\u0103 \u0219i Energetic\u0103 a UTM au fost gazde pentru o delega\u021bie de studen\u021bi ai programului de licen\u021b\u0103 din cadrul Facult\u0103\u021bii [&hellip;]<\/p>\n","protected":false},"author":2,"featured_media":0,"comment_status":"closed","ping_status":"closed","sticky":false,"template":"","format":"standard","meta":{"footnotes":""},"categories":[20],"tags":[27],"class_list":["post-2413","post","type-post","status-publish","format-standard","hentry","category-colaborari","tag-cuvant-de-gand-studentesc","eq-blocks"],"_links":{"self":[{"href":"https:\/\/ccoc.fih.upt.ro\/index.php?rest_route=\/wp\/v2\/posts\/2413","targetHints":{"allow":["GET"]}}],"collection":[{"href":"https:\/\/ccoc.fih.upt.ro\/index.php?rest_route=\/wp\/v2\/posts"}],"about":[{"href":"https:\/\/ccoc.fih.upt.ro\/index.php?rest_route=\/wp\/v2\/types\/post"}],"author":[{"embeddable":true,"href":"https:\/\/ccoc.fih.upt.ro\/index.php?rest_route=\/wp\/v2\/users\/2"}],"replies":[{"embeddable":true,"href":"https:\/\/ccoc.fih.upt.ro\/index.php?rest_route=%2Fwp%2Fv2%2Fcomments&post=2413"}],"version-history":[{"count":2,"href":"https:\/\/ccoc.fih.upt.ro\/index.php?rest_route=\/wp\/v2\/posts\/2413\/revisions"}],"predecessor-version":[{"id":2415,"href":"https:\/\/ccoc.fih.upt.ro\/index.php?rest_route=\/wp\/v2\/posts\/2413\/revisions\/2415"}],"wp:attachment":[{"href":"https:\/\/ccoc.fih.upt.ro\/index.php?rest_route=%2Fwp%2Fv2%2Fmedia&parent=2413"}],"wp:term":[{"taxonomy":"category","embeddable":true,"href":"https:\/\/ccoc.fih.upt.ro\/index.php?rest_route=%2Fwp%2Fv2%2Fcategories&post=2413"},{"taxonomy":"post_tag","embeddable":true,"href":"https:\/\/ccoc.fih.upt.ro\/index.php?rest_route=%2Fwp%2Fv2%2Ftags&post=2413"}],"curies":[{"name":"wp","href":"https:\/\/api.w.org\/{rel}","templated":true}]}}